{"id":16344,"date":"2022-07-11T10:31:53","date_gmt":"2022-07-11T10:31:53","guid":{"rendered":"https:\/\/www.tdimobiliaria.pt\/noticias\/vila-rio-loures-and-lisbon-riverfronts-will-be-connected-next-year\/"},"modified":"2022-07-11T10:31:53","modified_gmt":"2022-07-11T10:31:53","slug":"vila-rio-loures-and-lisbon-riverfronts-will-be-connected-next-year","status":"publish","type":"post","link":"https:\/\/www.tdimobiliaria.pt\/en\/noticias\/vila-rio-loures-and-lisbon-riverfronts-will-be-connected-next-year\/","title":{"rendered":"Vila Rio &#8211; Loures and Lisbon riverfronts will be connected next year"},"content":{"rendered":"<pre id=\"tw-target-text\" class=\"tw-data-text tw-text-large tw-ta\" dir=\"ltr\" data-placeholder=\"Tradu\u00e7\u00e3o\"><span class=\"Y2IQFc\" lang=\"en\">The project carried out by Loures Council represents an investment of 11 million euros and will be ready in time for the World Youth Day. After this event, the municipality intends to present ideas for a green park with access to this route along the Tagus.<\/span><\/pre>\n<div class=\"story__body\"><img decoding=\"async\" class=\"wp-image-14313 alignright\" src=\"https:\/\/www.tdimobiliaria.pt\/wp-content\/uploads\/image-300x169.jpg\" alt=\"\" width=\"281\" height=\"158\" srcset=\"https:\/\/www.tdimobiliaria.pt\/wp-content\/uploads\/image-300x169.jpg 300w, https:\/\/www.tdimobiliaria.pt\/wp-content\/uploads\/image-768x432.jpg 768w, https:\/\/www.tdimobiliaria.pt\/wp-content\/uploads\/image.jpg 800w\" sizes=\"(max-width: 281px) 100vw, 281px\" \/><\/div>\n<div class=\"story__body\">\n<pre id=\"tw-target-text\" class=\"tw-data-text tw-text-large tw-ta\" dir=\"ltr\" data-placeholder=\"Tradu\u00e7\u00e3o\"><span class=\"Y2IQFc\" lang=\"en\">There are six kilometers of pedestrian and cycle path next to the Tagus River that will connect the municipalities of Loures and Lisbon, between Santa Iria de Az\u00f3ia and Parque das Na\u00e7\u00f5es, in less than a year, just in time for World Youth Day. The work began this month and will cost 11 million euros, of which two million will be supported by financing community under POR Lisboa 2020 and the rest by C\u00e2mara de Loures.<\/span><\/pre>\n<\/div>\n<p>Source: <a href=\"https:\/\/www.dn.pt\/local\/frentes-ribeirinhas-de-loures-e-lisboa-vao-ficar-ligadas-no-proximo-ano-15004616.html\" target=\"_blank\" rel=\"noopener\">dn.pt<\/a><\/p>\n<p>&nbsp;<\/p>\n","protected":false},"excerpt":{"rendered":"<p>The project carried out by Loures Council represents an investment of 11 million euros and will be ready in time for the World Youth Day. After this event, the municipality intends to present ideas for a green park with access to this route along the Tagus. There are six kilometers of pedestrian and cycle path [&hellip;]<\/p>\n","protected":false},"author":6,"featured_media":15502,"comment_status":"open","ping_status":"open","sticky":false,"template":"","format":"standard","meta":{"footnotes":""},"categories":[102,104,103],"tags":[],"class_list":["post-16344","post","type-post","status-publish","format-standard","has-post-thumbnail","hentry","category-2022-en","category-news","category-residential"],"_links":{"self":[{"href":"https:\/\/www.tdimobiliaria.pt\/en\/wp-json\/wp\/v2\/posts\/16344","targetHints":{"allow":["GET"]}}],"collection":[{"href":"https:\/\/www.tdimobiliaria.pt\/en\/wp-json\/wp\/v2\/posts"}],"about":[{"href":"https:\/\/www.tdimobiliaria.pt\/en\/wp-json\/wp\/v2\/types\/post"}],"author":[{"embeddable":true,"href":"https:\/\/www.tdimobiliaria.pt\/en\/wp-json\/wp\/v2\/users\/6"}],"replies":[{"embeddable":true,"href":"https:\/\/www.tdimobiliaria.pt\/en\/wp-json\/wp\/v2\/comments?post=16344"}],"version-history":[{"count":0,"href":"https:\/\/www.tdimobiliaria.pt\/en\/wp-json\/wp\/v2\/posts\/16344\/revisions"}],"wp:featuredmedia":[{"embeddable":true,"href":"https:\/\/www.tdimobiliaria.pt\/en\/wp-json\/wp\/v2\/media\/15502"}],"wp:attachment":[{"href":"https:\/\/www.tdimobiliaria.pt\/en\/wp-json\/wp\/v2\/media?parent=16344"}],"wp:term":[{"taxonomy":"category","embeddable":true,"href":"https:\/\/www.tdimobiliaria.pt\/en\/wp-json\/wp\/v2\/categories?post=16344"},{"taxonomy":"post_tag","embeddable":true,"href":"https:\/\/www.tdimobiliaria.pt\/en\/wp-json\/wp\/v2\/tags?post=16344"}],"curies":[{"name":"wp","href":"https:\/\/api.w.org\/{rel}","templated":true}]}}